{"id":8,"date":"2016-07-12T01:00:53","date_gmt":"2016-07-11T23:00:53","guid":{"rendered":"http:\/\/acmne.ch\/site\/?p=8"},"modified":"2026-06-04T19:14:57","modified_gmt":"2026-06-04T17:14:57","slug":"islam-1","status":"publish","type":"post","link":"https:\/\/acmne.ch\/site\/2016\/07\/12\/islam-1\/","title":{"rendered":"Coran &#038; sciences islamiques (Femmes, Jeunes femmes, Jeunes hommes, Enfants et ainsi que les Hommes)"},"content":{"rendered":"<h3 style=\"text-align: left;\"><strong><span style=\"color: #dd8706;\">Inscription aux cours du secteur \u00e9ducatif l&rsquo;ann\u00e9e scolaire 2026\/ 2027<\/span><\/strong><\/h3>\n<h3 style=\"text-align: left;\"><strong><span style=\"color: #dd8706;\">(Femmes, Jeunes femmes, Jeunes hommes, Enfants et ainsi que les Hommes)<\/span><\/strong><\/h3>\n<p style=\"text-align: center;\">Les inscriptions \u00e0 l\u2019\u00e9cole de Coran et de sciences islamiques, pour l\u2019ann\u00e9e scolaire 26-27, sont ouvertes. Pour s\u2019inscrire, appuyer sur le lien\ud83d\udc47\ud83c\udffbet remplir le formulaire.<\/p>\n<p style=\"text-align: center;\"><strong>\u0644\u0644\u062a\u0633\u062c\u064a\u0644 \u0641\u064a \u0645\u062f\u0631\u0633\u0629 \u0627\u0644\u0642\u0631\u0622\u0646 \u0648\u0627\u0644\u0639\u0644\u0648\u0645 \u0627\u0644\u0625\u0633\u0644\u0627\u0645\u064a\u0629 \u0644\u0644\u0639\u0627\u0645 \u0627\u0644\u062f\u0631\u0627\u0633\u064a \u0627\u0644\u062c\u062f\u064a\u062f 2027-2026 \u0627\u0636\u063a\u0637 \u0639\u0644\u0649 \u0627\u0644\u0631\u0627\u0628\u0637 \ud83d\udc47\ud83c\udffb\u0648\u0627\u0645\u0644\u0623 \u0627\u0644\u0627\u0633\u062a\u0645\u0627\u0631\u0629<\/strong><\/p>\n<p style=\"text-align: center;\"><span style=\"color: #0000ff;\">Notre secteur \u00e9ducatif a le plaisir de vous informer de l\u2019ouverture des inscriptions pour l\u2019ann\u00e9e scolaire 2026-2027.<\/span><br \/>\n<span style=\"color: #0000ff;\">Veuillez noter que les inscriptions restent ouvertes jusqu\u2019au <strong><span style=\"color: #ff0000;\">27 juin 2026.<\/span><\/strong><\/span><\/p>\n<div>\n<div>\n<div style=\"text-align: center;\"><span style=\"color: #ff0000;\"><b>\u064a\u063a\u0644\u0642 \u0627\u0644\u062a\u0633\u062c\u064a\u0644 \u0628\u062a\u0627\u0631\u064a\u062e 27.06.2026\u00a0<\/b><\/span><\/div>\n<\/div>\n<\/div>\n<p style=\"text-align: center;\"><a href=\"https:\/\/docs.google.com\/forms\/d\/e\/1FAIpQLSfP3-3-N-wfibkUNe5uJ6XYtxykmfpCnnMbXbHqW6al_DPJfQ\/viewform\" target=\"_blank\" rel=\"noopener\">Formulaire d&rsquo;inscription<\/a><\/p>\n<hr \/>\n<h3 style=\"text-align: left;\"><strong><span style=\"color: #dd8706;\">Programme du Secteur \u00e9ducatif :\u00a0<\/span><\/strong><\/h3>\n<div><img loading=\"lazy\" decoding=\"async\" class=\"wp-image-5691 aligncenter\" src=\"https:\/\/acmne.ch\/site\/wp-content\/uploads\/2016\/07\/Sec_26.jpg\" alt=\"\" width=\"796\" height=\"448\" srcset=\"https:\/\/acmne.ch\/site\/wp-content\/uploads\/2016\/07\/Sec_26.jpg 1501w, https:\/\/acmne.ch\/site\/wp-content\/uploads\/2016\/07\/Sec_26-300x169.jpg 300w, https:\/\/acmne.ch\/site\/wp-content\/uploads\/2016\/07\/Sec_26-1024x577.jpg 1024w, https:\/\/acmne.ch\/site\/wp-content\/uploads\/2016\/07\/Sec_26-768x433.jpg 768w, https:\/\/acmne.ch\/site\/wp-content\/uploads\/2016\/07\/Sec_26-820x462.jpg 820w\" sizes=\"auto, (max-width: 796px) 100vw, 796px\" \/><\/div>\n<div><\/div>\n<div>Ecole de Coran et de Sciences Islamiques des\u00a0\u00a0<b>femmes<\/b><\/div>\n<div><b>\u00a0\u0645\u062f\u0631\u0633\u0629 \u0627\u0644\u0642\u0631\u0622\u0646 \u0648\u0627\u0644\u0639\u0644\u0648\u0645 \u0627\u0644\u0625\u0633\u0644\u0627\u0645\u064a\u0629 \u0644\u0644\u0646\u0633\u0627\u0621 <\/b><\/div>\n<div><a href=\"https:\/\/forms.gle\/3h23XcvXdTvQ9Gqt7\">https:\/\/forms.gle\/3h23XcvXdTvQ9Gqt7<\/a><\/div>\n<div>Ecole de Coran et de Sciences Islamiques des\u00a0<b>j<\/b><b>eunes filles<\/b><\/div>\n<div>\n<p><b>\u00a0\u0645\u062f\u0631\u0633\u0629 \u0627\u0644\u0642\u0631\u0622\u0646 \u0648\u0627\u0644\u0639\u0644\u0648\u0645 \u0627\u0644\u0625\u0633\u0644\u0627\u0645\u064a\u0629 \u0644\u0644\u0634\u0627\u0628\u0627\u062a<\/b><\/p>\n<div><a href=\"https:\/\/forms.gle\/WfQH1voEQ32zEAub6\">https:\/\/forms.gle\/WfQH1voEQ32zEAub6<\/a><\/div>\n<div>Ecole de Coran et de Sciences Islamiques des\u00a0\u00a0<b>j<\/b><b>eunes hommes<\/b><\/div>\n<p><b>\u00a0\u0645\u062f\u0631\u0633\u0629 \u0627\u0644\u0642\u0631\u0622\u0646 \u0648\u0627\u0644\u0639\u0644\u0648\u0645 \u0627\u0644\u0625\u0633\u0644\u0627\u0645\u064a\u0629 \u0644\u0644\u0634\u0628\u0627\u0628<\/b><\/p>\n<div><a href=\"https:\/\/forms.gle\/AFAUtUDeoPaon6mu7\">https:\/\/forms.gle\/AFAUtUDeoPaon6mu7<\/a><\/div>\n<div>Ecole de Coran et de Sciences Islamiques des\u00a0<b>e<\/b><b>nfants<\/b><\/div>\n<div>\n<p><b>\u00a0<\/b>\u0645\u062f\u0631\u0633\u0629 \u0627\u0644\u0642\u0631\u0622\u0646 \u0648\u0627\u0644\u0639\u0644\u0648\u0645 \u0627\u0644\u0625\u0633\u0644\u0627\u0645\u064a\u0629 \u0644\u0644\u0635\u063a\u0627\u0631<\/p>\n<div><a href=\"https:\/\/forms.gle\/hfExwbYfdkY2rNP1A\">https:\/\/forms.gle\/hfExwbYfdkY2rNP1A<\/a><\/div>\n<\/div>\n<hr \/>\n<h3><img loading=\"lazy\" decoding=\"async\" class=\"aligncenter wp-image-5206 \" src=\"https:\/\/acmne.ch\/site\/wp-content\/uploads\/2024\/06\/qrSE.jpeg\" alt=\"\" width=\"926\" height=\"468\" srcset=\"https:\/\/acmne.ch\/site\/wp-content\/uploads\/2024\/06\/qrSE.jpeg 1596w, https:\/\/acmne.ch\/site\/wp-content\/uploads\/2024\/06\/qrSE-300x152.jpeg 300w, https:\/\/acmne.ch\/site\/wp-content\/uploads\/2024\/06\/qrSE-1024x518.jpeg 1024w, https:\/\/acmne.ch\/site\/wp-content\/uploads\/2024\/06\/qrSE-768x388.jpeg 768w, https:\/\/acmne.ch\/site\/wp-content\/uploads\/2024\/06\/qrSE-1536x777.jpeg 1536w, https:\/\/acmne.ch\/site\/wp-content\/uploads\/2024\/06\/qrSE-820x415.jpeg 820w\" sizes=\"auto, (max-width: 926px) 100vw, 926px\" \/><\/h3>\n<hr \/>\n<h3 style=\"text-align: center;\"><strong><span style=\"color: #dd8706;\">Secteur \u00e9ducatif : March\u00e9 des cadeaux 2016\/2017<\/span><\/strong><\/h3>\n<p style=\"text-align: center;\">\u0645\u0646 \u0623\u0645\u062a\u0639 \u0644\u062d\u0638\u0627\u062a \u0627\u0644\u062a\u062f\u0631\u064a\u0633 \u0631\u0624\u064a\u0629 \u0627\u0644\u0641\u0631\u062d \u0641\u064a \u0639\u064a\u0648\u0646 \u0637\u0644\u0627\u0628\u0646\u0627 \u060c \u064a\u0633\u0639\u062f\u0647\u0645 \u0646\u062c\u0627\u062d\u0647\u0645 \u060c\u0648\u062a\u0632\u064a\u062f \u0644\u0645\u0639\u0629 \u0639\u064a\u0648\u0646\u0647\u0645 \u0628\u0646\u064a\u0644 \u062c\u0648\u0627\u0626\u0632\u0647\u0645 \u0648\u0647\u062f\u0627\u064a\u0627\u0647\u0645 \u0646\u0638\u0645 \u0627\u0644\u0642\u0633\u0645 \u0627\u0644\u062a\u0639\u0644\u064a\u0645\u064a \u0648\u0627\u0644\u062b\u0642\u0627\u0641\u064a \u0648\u0628\u062a\u0627\u0631\u064a\u062e 14 &#8211; 06 &#8211; 2017 \u0633\u0648\u0642 \u0627\u0644\u0647\u062f\u0627\u064a\u0627 \u0627\u0644\u062b\u0627\u0646\u064a \u0644\u062a\u0644\u0627\u0645\u064a\u0630 \u0627\u0644\u0642\u0633\u0645 \u0627\u0644\u0630\u064a\u0646 \u0623\u0643\u0645\u0644\u0648\u0627 \u0639\u0627\u0645\u0647\u0645 \u0627\u0644\u062f\u0631\u0627\u0633\u064a \u0648\u0623\u0633\u0639\u062f\u0648\u0646\u0627 \u0628\u0646\u062c\u0627\u062d\u0627\u062a\u0647\u0645<br \/>\nParmi les moments les plus agr\u00e9ables pendant l\u2019enseignement\u2026est de voir la joie dans les yeux de nos \u00e9l\u00e8ves, heureux de r\u00e9ussir et leurs yeux brillent encore plus en obtenant un cadeau, un prix\u2026<br \/>\nLe secteur \u00e9ducatif et culturel a organis\u00e9 le march\u00e9 des cadeaux num\u00e9ro 2 le 14-06-2017 et vous pr\u00e9sente cette vid\u00e9o<\/p>\n<p><iframe loading=\"lazy\" src=\"https:\/\/www.youtube.com\/embed\/7A6fC8ogjHs?rel=0\" width=\"560\" height=\"315\" frameborder=\"0\" allowfullscreen=\"allowfullscreen\"><\/iframe><\/p>\n<hr \/>\n<h3 style=\"text-align: center;\"><strong><span style=\"color: #dd8706;\">Secteur \u00e9ducatif :Vid\u00e9o souvenirs du secteur \u00e9ducatif 2016\/2017<\/span><\/strong><\/h3>\n<p style=\"text-align: center;\">\u0639\u0627\u0645\u064c \u0645\u0636\u0649\u060c \u0648\u0639\u0627\u0645\u064c \u064a\u0623\u062a\u064a\u060c \u0648\u0644\u0627 \u062a\u0628\u0642\u0649 \u0625\u0644\u0627 \u0627\u0644\u0630\u0643\u0631\u064a\u0627\u062a<br \/>\n\u062c\u0639\u0644 \u0627\u0644\u0644\u0647 \u062a\u0639\u0627\u0644\u0649 \u0630\u0643\u0631\u064a\u0627\u062a\u0646\u0627 \u0645\u0639 \u0627\u0644\u0642\u0631\u0622\u0646 \u0648\u0639\u0644\u0648\u0645\u0647 \u0645\u062b\u0645\u0631\u0629\u064b \u0628\u064a\u0646\u0646\u0627\u060c \u0648\u0645\u0642\u0628\u0648\u0644\u0629\u064b \u0639\u0646\u062f\u0647<br \/>\n\u0627\u0644\u0644\u0647\u0645 \u0639\u0645\u0651\u0650\u0631 \u0642\u0644\u0648\u0628\u0646\u0627 \u0648\u0628\u064a\u0648\u062a\u0646\u0627 \u0628\u0643\u062a\u0627\u0628\u0643<br \/>\n\u064a\u0642\u062f\u0645 \u0627\u0644\u0642\u0633\u0645 \u0627\u0644\u062a\u0639\u0644\u064a\u0645\u064a \u0648\u0627\u0644\u062b\u0642\u0627\u0641\u064a \u0641\u064a\u062f\u064a\u0648 \u0630\u0643\u0631\u064a\u0627\u062a \u0627\u0644\u0639\u0627\u0645<br \/>\n\u0627\u0644\u062f\u0631\u0627\u0633\u064a ) 2016-2017 )<br \/>\nUne ann\u00e9e est pass\u00e9e, une nouvelle qui commence et il nous reste que les souvenirs, que ces derniers avec le Coran et ses sciences soient fructueux et accept\u00e9s par Allah<br \/>\nLe secteur \u00e9ducatif et culturel vous pr\u00e9sente la vid\u00e9o des souvenirs de l\u2019ann\u00e9e scolaire 2016-2017<\/p>\n<p><iframe loading=\"lazy\" src=\"https:\/\/www.youtube.com\/embed\/RVPMJ9qdpco?rel=0\" width=\"560\" height=\"315\" frameborder=\"0\" allowfullscreen=\"allowfullscreen\"><\/iframe><\/p>\n<hr \/>\n<h3 style=\"text-align: center;\"><strong><span style=\"color: #dd8706;\">ACMNE : Le secteur \u00e9ducatif \u00a0la finale du concours de l&rsquo;extrait coranique \u00a0 \u00a0\u0645\u0633\u0627\u0628\u0642\u0640\u0640\u0629 \u0627\u0644\u0646\u0647\u0627\u0626\u064a\u0640\u0640\u0629 \u0641\u064a \u062a\u062c\u0640\u0640\u0648\u064a\u062f \u0643\u062a\u0627\u0628 \u0627\u0644\u0644\u0647<\/span><\/strong><\/h3>\n<p><iframe loading=\"lazy\" style=\"border: none; overflow: hidden;\" src=\"https:\/\/www.facebook.com\/plugins\/post.php?href=https%3A%2F%2Fwww.facebook.com%2Fmedia%2Fset%2F%3Fset%3Da.2035214883378581.1073741837.1398668520366557%26type%3D3&amp;width=500\" width=\"500\" height=\"705\" frameborder=\"0\" scrolling=\"no\"><\/iframe><\/p>\n<hr \/>\n<h3 style=\"text-align: center;\">\u00a0<strong><span style=\"color: #dd8706;\">Pr\u00e9sentation du secteur \u00e9ducatif de l&rsquo;ACMNE \u00a0\u062a\u0639\u0631\u064a\u0641 \u0628\u0627\u0644\u0642\u0633\u0645 \u0627\u0644\u062a\u0631\u0628\u0648\u064a \u0644\u062c\u0645\u0639\u064a\u0629 \u0627\u0644\u062b\u0642\u0627\u0641\u064a\u0629 \u00a0<\/span><\/strong><\/h3>\n<h3><iframe loading=\"lazy\" src=\"https:\/\/www.youtube.com\/embed\/fnt8bnQNAFo?rel=0&amp;controls=0\" width=\"560\" height=\"315\" frameborder=\"0\" allowfullscreen=\"allowfullscreen\"><\/iframe><\/h3>\n<hr \/>\n<h3 style=\"text-align: center;\"><strong><span style=\"color: #dd8706;\">March\u00e9 des cadeaux afin d&rsquo;encourager les enfants apprendre le Coran<\/span><\/strong><\/h3>\n<p style=\"text-align: center;\">Vid\u00e9o\u00a0r\u00e9alis\u00e9\u00a0par Nour Hammami<\/p>\n<div style=\"width: 640px;\" class=\"wp-video\"><video class=\"wp-video-shortcode\" id=\"video-8-1\" width=\"640\" height=\"360\" preload=\"metadata\" controls=\"controls\"><source type=\"video\/mp4\" src=\"http:\/\/www.acmne.ch\/site\/Divers\/marcheCadeaux_Final.mp4?_=1\" \/><a href=\"http:\/\/www.acmne.ch\/site\/Divers\/marcheCadeaux_Final.mp4\">http:\/\/www.acmne.ch\/site\/Divers\/marcheCadeaux_Final.mp4<\/a><\/video><\/div>\n<hr \/>\n<h3 style=\"text-align: center;\"><strong><span style=\"color: #dd8706;\">Ouverture du march\u00e9 des cadeaux afin d&rsquo;encourager les enfants apprendre le Coran<\/span><\/strong><\/h3>\n<p style=\"text-align: center;\">Vid\u00e9o\u00a0r\u00e9alis\u00e9\u00a0par Nour Hammami<\/p>\n<div style=\"width: 640px;\" class=\"wp-video\"><video class=\"wp-video-shortcode\" id=\"video-8-2\" width=\"640\" height=\"360\" preload=\"metadata\" controls=\"controls\"><source type=\"video\/mp4\" src=\"http:\/\/www.acmne.ch\/site\/Divers\/marcheAcmne.mp4?_=2\" \/><a href=\"http:\/\/www.acmne.ch\/site\/Divers\/marcheAcmne.mp4\">http:\/\/www.acmne.ch\/site\/Divers\/marcheAcmne.mp4<\/a><\/video><\/div>\n<hr \/>\n<\/div>\n","protected":false},"excerpt":{"rendered":"<p>Inscription aux cours du secteur \u00e9ducatif l&rsquo;ann\u00e9e scolaire 2026\/ 2027 (Femmes, Jeunes femmes, Jeunes hommes, Enfants et ainsi que les Hommes) Les inscriptions \u00e0 l\u2019\u00e9cole de Coran et de sciences islamiques, pour l\u2019ann\u00e9e scolaire 26-27, sont ouvertes. Pour s\u2019inscrire, appuyer sur le lien\ud83d\udc47\ud83c\udffbet remplir le formulaire. \u0644\u0644\u062a\u0633\u062c\u064a\u0644 \u0641\u064a \u0645\u062f\u0631\u0633\u0629 \u0627\u0644\u0642\u0631\u0622\u0646 \u0648\u0627\u0644\u0639\u0644\u0648\u0645 \u0627\u0644\u0625\u0633\u0644\u0627\u0645\u064a\u0629 \u0644\u0644\u0639\u0627\u0645 \u0627\u0644\u062f\u0631\u0627\u0633\u064a \u0627\u0644\u062c\u062f\u064a\u062f [&hellip;]<\/p>\n","protected":false},"author":3,"featured_media":237,"comment_status":"closed","ping_status":"closed","sticky":false,"template":"","format":"standard","meta":{"footnotes":""},"categories":[2],"tags":[],"class_list":["post-8","post","type-post","status-publish","format-standard","has-post-thumbnail","hentry","category-actualites"],"_links":{"self":[{"href":"https:\/\/acmne.ch\/site\/wp-json\/wp\/v2\/posts\/8","targetHints":{"allow":["GET"]}}],"collection":[{"href":"https:\/\/acmne.ch\/site\/wp-json\/wp\/v2\/posts"}],"about":[{"href":"https:\/\/acmne.ch\/site\/wp-json\/wp\/v2\/types\/post"}],"author":[{"embeddable":true,"href":"https:\/\/acmne.ch\/site\/wp-json\/wp\/v2\/users\/3"}],"replies":[{"embeddable":true,"href":"https:\/\/acmne.ch\/site\/wp-json\/wp\/v2\/comments?post=8"}],"version-history":[{"count":35,"href":"https:\/\/acmne.ch\/site\/wp-json\/wp\/v2\/posts\/8\/revisions"}],"predecessor-version":[{"id":5692,"href":"https:\/\/acmne.ch\/site\/wp-json\/wp\/v2\/posts\/8\/revisions\/5692"}],"wp:featuredmedia":[{"embeddable":true,"href":"https:\/\/acmne.ch\/site\/wp-json\/wp\/v2\/media\/237"}],"wp:attachment":[{"href":"https:\/\/acmne.ch\/site\/wp-json\/wp\/v2\/media?parent=8"}],"wp:term":[{"taxonomy":"category","embeddable":true,"href":"https:\/\/acmne.ch\/site\/wp-json\/wp\/v2\/categories?post=8"},{"taxonomy":"post_tag","embeddable":true,"href":"https:\/\/acmne.ch\/site\/wp-json\/wp\/v2\/tags?post=8"}],"curies":[{"name":"wp","href":"https:\/\/api.w.org\/{rel}","templated":true}]}}