{"id":5381,"date":"2025-03-26T14:33:19","date_gmt":"2025-03-26T13:33:19","guid":{"rendered":"https:\/\/acmne.ch\/site\/?p=5381"},"modified":"2026-04-15T08:52:57","modified_gmt":"2026-04-15T06:52:57","slug":"eid","status":"publish","type":"post","link":"https:\/\/acmne.ch\/site\/2025\/03\/26\/eid\/","title":{"rendered":"Eid Al Fitre 1447-2026 \u0639\u064a\u062f \u0627\u0644\u0641\u0637\u0631"},"content":{"rendered":"<h3 style=\"text-align: center;\"><span style=\"color: #dd8706;\"><strong>La c\u00e9l\u00e9bration de l&rsquo;E\u00efd Al-Fitre est pr\u00e9vue pour <\/strong><\/span><\/h3>\n<h3 style=\"text-align: center;\"><span style=\"color: #dd8706;\"><strong>vendredi 20 mars 2026\u00a0<\/strong><\/span><\/h3>\n<p style=\"text-align: center;\">Au nom du comit\u00e9 de l\u2019Association Culturelle des Musulmans de Neuch\u00e2tel, nous vous adressons d\u00e8s \u00e0 pr\u00e9sent nos chaleureuses f\u00e9licitations pour l&rsquo;A\u00efd MOUBARAK. Que Qu&rsquo;Allah swt accepte nos bonnes actions<\/p>\n<h3 style=\"text-align: center;\"><span style=\"color: #ff9900;\">\u0633\u064a\u0643\u0648\u0646 \u0639\u064a\u062f \u0627\u0644\u0641\u0637\u0631 \u0625\u0646 \u0634\u0627\u0621 \u0627\u0644\u0644\u0647 <strong>\u064a\u0648\u0645 \u0627\u0644\u062c\u0645\u0639\u0629 \u0627\u0644\u0645\u0648\u0627\u0641\u0642 20 \u0645\u0627\u0631\u0633 2026<\/strong><\/span><\/h3>\n<div style=\"text-align: center;\"><span style=\"color: #000000;\">\u0627\u0644\u062c\u0645\u0639\u064a\u0629 \u0627\u0644\u062b\u0642\u0627\u0641\u064a\u0629 \u0644\u0645\u0633\u0644\u0645\u064a \u0646\u0648\u0634\u0627\u062a\u064a\u0644 \u062a\u0647\u0646\u0626\u0643\u0645 \u0628\u0642\u062f\u0648\u0645 \u0627\u0644\u0639\u064a\u062f \u0627\u0644\u0641\u0637\u0631 \u0643\u0644 \u0639\u0627\u0645 \u0648 \u0627\u0644\u0623\u0645\u0629 \u0627\u0644\u0625\u0633\u0644\u0627\u0645\u064a\u0629 \u0628\u062e\u064a\u0631<\/span><\/div>\n<p style=\"text-align: center;\"><span style=\"color: #ff0000;\"><strong>Le nombre de places de stationnement disponibles est strictement limit\u00e9<\/strong><\/span><\/p>\n<p style=\"text-align: center;\"><span style=\"color: #ff0000;\"><strong>Nous vous invitons \u00e0 privil\u00e9gier l&rsquo;utilisation des transports en commun<\/strong><\/span><\/p>\n<p style=\"text-align: center;\"><a href=\"https:\/\/acmne.ch\/site\/eid26\/\" target=\"_blank\" rel=\"noopener\">R\u00e9servez votre cr\u00e9neau pour la pri\u00e8re<\/a><\/p>\n<p>&nbsp;<\/p>\n<p><img loading=\"lazy\" decoding=\"async\" class=\"wp-image-5564 aligncenter\" src=\"https:\/\/acmne.ch\/site\/wp-content\/uploads\/2026\/03\/Eid01-240x300.jpg\" alt=\"\" width=\"421\" height=\"526\" srcset=\"https:\/\/acmne.ch\/site\/wp-content\/uploads\/2026\/03\/Eid01-240x300.jpg 240w, https:\/\/acmne.ch\/site\/wp-content\/uploads\/2026\/03\/Eid01-819x1024.jpg 819w, https:\/\/acmne.ch\/site\/wp-content\/uploads\/2026\/03\/Eid01-768x960.jpg 768w, https:\/\/acmne.ch\/site\/wp-content\/uploads\/2026\/03\/Eid01-820x1025.jpg 820w, https:\/\/acmne.ch\/site\/wp-content\/uploads\/2026\/03\/Eid01.jpg 1080w\" sizes=\"auto, (max-width: 421px) 100vw, 421px\" \/><\/p>\n<p><img loading=\"lazy\" decoding=\"async\" class=\" wp-image-5563 aligncenter\" src=\"https:\/\/acmne.ch\/site\/wp-content\/uploads\/2026\/03\/Eid02-240x300.jpg\" alt=\"\" width=\"416\" height=\"521\" srcset=\"https:\/\/acmne.ch\/site\/wp-content\/uploads\/2026\/03\/Eid02-240x300.jpg 240w, https:\/\/acmne.ch\/site\/wp-content\/uploads\/2026\/03\/Eid02-819x1024.jpg 819w, https:\/\/acmne.ch\/site\/wp-content\/uploads\/2026\/03\/Eid02-768x960.jpg 768w, https:\/\/acmne.ch\/site\/wp-content\/uploads\/2026\/03\/Eid02-820x1025.jpg 820w, https:\/\/acmne.ch\/site\/wp-content\/uploads\/2026\/03\/Eid02.jpg 1080w\" sizes=\"auto, (max-width: 416px) 100vw, 416px\" \/><\/p>\n<p>&nbsp;<\/p>\n<p>&nbsp;<\/p>\n","protected":false},"excerpt":{"rendered":"<p>La c\u00e9l\u00e9bration de l&rsquo;E\u00efd Al-Fitre est pr\u00e9vue pour vendredi 20 mars 2026\u00a0 Au nom du comit\u00e9 de l\u2019Association Culturelle des Musulmans de Neuch\u00e2tel, nous vous adressons d\u00e8s \u00e0 pr\u00e9sent nos chaleureuses f\u00e9licitations pour l&rsquo;A\u00efd MOUBARAK. Que Qu&rsquo;Allah swt accepte nos bonnes actions \u0633\u064a\u0643\u0648\u0646 \u0639\u064a\u062f \u0627\u0644\u0641\u0637\u0631 \u0625\u0646 \u0634\u0627\u0621 \u0627\u0644\u0644\u0647 \u064a\u0648\u0645 \u0627\u0644\u062c\u0645\u0639\u0629 \u0627\u0644\u0645\u0648\u0627\u0641\u0642 20 \u0645\u0627\u0631\u0633 2026 \u0627\u0644\u062c\u0645\u0639\u064a\u0629 [&hellip;]<\/p>\n","protected":false},"author":3,"featured_media":5034,"comment_status":"closed","ping_status":"closed","sticky":false,"template":"","format":"standard","meta":{"footnotes":""},"categories":[4],"tags":[],"class_list":["post-5381","post","type-post","status-publish","format-standard","has-post-thumbnail","hentry","category-archive"],"_links":{"self":[{"href":"https:\/\/acmne.ch\/site\/wp-json\/wp\/v2\/posts\/5381","targetHints":{"allow":["GET"]}}],"collection":[{"href":"https:\/\/acmne.ch\/site\/wp-json\/wp\/v2\/posts"}],"about":[{"href":"https:\/\/acmne.ch\/site\/wp-json\/wp\/v2\/types\/post"}],"author":[{"embeddable":true,"href":"https:\/\/acmne.ch\/site\/wp-json\/wp\/v2\/users\/3"}],"replies":[{"embeddable":true,"href":"https:\/\/acmne.ch\/site\/wp-json\/wp\/v2\/comments?post=5381"}],"version-history":[{"count":9,"href":"https:\/\/acmne.ch\/site\/wp-json\/wp\/v2\/posts\/5381\/revisions"}],"predecessor-version":[{"id":5631,"href":"https:\/\/acmne.ch\/site\/wp-json\/wp\/v2\/posts\/5381\/revisions\/5631"}],"wp:featuredmedia":[{"embeddable":true,"href":"https:\/\/acmne.ch\/site\/wp-json\/wp\/v2\/media\/5034"}],"wp:attachment":[{"href":"https:\/\/acmne.ch\/site\/wp-json\/wp\/v2\/media?parent=5381"}],"wp:term":[{"taxonomy":"category","embeddable":true,"href":"https:\/\/acmne.ch\/site\/wp-json\/wp\/v2\/categories?post=5381"},{"taxonomy":"post_tag","embeddable":true,"href":"https:\/\/acmne.ch\/site\/wp-json\/wp\/v2\/tags?post=5381"}],"curies":[{"name":"wp","href":"https:\/\/api.w.org\/{rel}","templated":true}]}}