{"id":5244,"date":"2024-09-09T14:32:47","date_gmt":"2024-09-09T12:32:47","guid":{"rendered":"https:\/\/acmne.ch\/site\/?p=5244"},"modified":"2024-09-09T14:32:47","modified_gmt":"2024-09-09T12:32:47","slug":"la-celebration-de-leid-al-adha-2024-1445","status":"publish","type":"post","link":"https:\/\/acmne.ch\/site\/2024\/09\/09\/la-celebration-de-leid-al-adha-2024-1445\/","title":{"rendered":"La c\u00e9l\u00e9bration de l&rsquo;E\u00efd al-Adha 2024 \/ 1445"},"content":{"rendered":"<h3 style=\"text-align: center;\"><span style=\"color: #dd8706;\"><strong><br \/>\nLa c\u00e9l\u00e9bration de l&rsquo;E\u00efd al-Adha 2024 \/ 1445<\/strong><\/span><\/h3>\n<p style=\"text-align: center;\"><span style=\"color: #0000ff;\">\u0646\u0633\u0627\u0644 \u0627\u0644\u0644\u0647 \u0627\u0646 \u064a\u062a\u0642\u0628\u0644 \u0635\u0627\u0644\u062d \u0623\u0639\u0645\u0627\u0644\u0646\u0627 \u0648\u0627\u0646 \u064a\u0647\u062f\u064a\u0646\u0627 \u0627\u0644\u0649 \u0637\u0631\u064a\u0642 \u0627\u0644\u0635\u0644\u0627\u062d <\/span><br \/>\n<span style=\"color: #0000ff;\">\u0627\u0644\u0634\u0643\u0631 \u0644\u0644\u0647 \u062b\u0645 \u0644\u0644\u062c\u0646\u0629 \u0627\u0644\u0639\u064a\u062f \u0648\u0627\u0644\u0645\u062a\u0637\u0648\u0639\u064a\u0646 \u0639\u0644\u0649 \u0627\u0644\u0646\u062c\u0627\u062d \u0647\u0630\u0627 \u0627\u0644\u062d\u0641\u0644 \u062c\u0632\u0627\u0647\u0645 \u0627\u0644\u0644\u0647 \u0639\u0646\u0627 \u062e\u064a\u0631 \u0627\u0644\u062c\u0632\u0627\u0621<\/span><br \/>\n<span style=\"color: #0000ff;\">Nous demandons \u00e0 Allah d&rsquo;accepter nos bonnes actions et de nous guider vers le bon chemin.<\/span><br \/>\n<span style=\"color: #0000ff;\">Merci \u00e0 Allah, puis \u00e0 notre comit\u00e9 de l&rsquo;Eid et aux b\u00e9n\u00e9voles d&rsquo;avoir fait de cette c\u00e9l\u00e9bration un succ\u00e8s. Qu&rsquo;Allah les r\u00e9compense des meilleurs<\/span><\/p>\n<div style=\"width: 480px;\" class=\"wp-video\"><video class=\"wp-video-shortcode\" id=\"video-5244-1\" width=\"480\" height=\"848\" preload=\"metadata\" controls=\"controls\"><source type=\"video\/mp4\" src=\"https:\/\/acmne.ch\/site\/wp-content\/uploads\/2024\/06\/EidAldha2024.mp4?_=1\" \/><a href=\"https:\/\/acmne.ch\/site\/wp-content\/uploads\/2024\/06\/EidAldha2024.mp4\">https:\/\/acmne.ch\/site\/wp-content\/uploads\/2024\/06\/EidAldha2024.mp4<\/a><\/video><\/div>\n","protected":false},"excerpt":{"rendered":"<p>La c\u00e9l\u00e9bration de l&rsquo;E\u00efd al-Adha 2024 \/ 1445 \u0646\u0633\u0627\u0644 \u0627\u0644\u0644\u0647 \u0627\u0646 \u064a\u062a\u0642\u0628\u0644 \u0635\u0627\u0644\u062d \u0623\u0639\u0645\u0627\u0644\u0646\u0627 \u0648\u0627\u0646 \u064a\u0647\u062f\u064a\u0646\u0627 \u0627\u0644\u0649 \u0637\u0631\u064a\u0642 \u0627\u0644\u0635\u0644\u0627\u062d \u0627\u0644\u0634\u0643\u0631 \u0644\u0644\u0647 \u062b\u0645 \u0644\u0644\u062c\u0646\u0629 \u0627\u0644\u0639\u064a\u062f \u0648\u0627\u0644\u0645\u062a\u0637\u0648\u0639\u064a\u0646 \u0639\u0644\u0649 \u0627\u0644\u0646\u062c\u0627\u062d \u0647\u0630\u0627 \u0627\u0644\u062d\u0641\u0644 \u062c\u0632\u0627\u0647\u0645 \u0627\u0644\u0644\u0647 \u0639\u0646\u0627 \u062e\u064a\u0631 \u0627\u0644\u062c\u0632\u0627\u0621 Nous demandons \u00e0 Allah d&rsquo;accepter nos bonnes actions et de nous guider vers le bon chemin. Merci \u00e0 Allah, puis \u00e0 [&hellip;]<\/p>\n","protected":false},"author":3,"featured_media":0,"comment_status":"closed","ping_status":"closed","sticky":false,"template":"","format":"standard","meta":{"footnotes":""},"categories":[4],"tags":[],"class_list":["post-5244","post","type-post","status-publish","format-standard","hentry","category-archive"],"_links":{"self":[{"href":"https:\/\/acmne.ch\/site\/wp-json\/wp\/v2\/posts\/5244","targetHints":{"allow":["GET"]}}],"collection":[{"href":"https:\/\/acmne.ch\/site\/wp-json\/wp\/v2\/posts"}],"about":[{"href":"https:\/\/acmne.ch\/site\/wp-json\/wp\/v2\/types\/post"}],"author":[{"embeddable":true,"href":"https:\/\/acmne.ch\/site\/wp-json\/wp\/v2\/users\/3"}],"replies":[{"embeddable":true,"href":"https:\/\/acmne.ch\/site\/wp-json\/wp\/v2\/comments?post=5244"}],"version-history":[{"count":1,"href":"https:\/\/acmne.ch\/site\/wp-json\/wp\/v2\/posts\/5244\/revisions"}],"predecessor-version":[{"id":5245,"href":"https:\/\/acmne.ch\/site\/wp-json\/wp\/v2\/posts\/5244\/revisions\/5245"}],"wp:attachment":[{"href":"https:\/\/acmne.ch\/site\/wp-json\/wp\/v2\/media?parent=5244"}],"wp:term":[{"taxonomy":"category","embeddable":true,"href":"https:\/\/acmne.ch\/site\/wp-json\/wp\/v2\/categories?post=5244"},{"taxonomy":"post_tag","embeddable":true,"href":"https:\/\/acmne.ch\/site\/wp-json\/wp\/v2\/tags?post=5244"}],"curies":[{"name":"wp","href":"https:\/\/api.w.org\/{rel}","templated":true}]}}