{"id":4914,"date":"2024-03-12T10:08:23","date_gmt":"2024-03-12T09:08:23","guid":{"rendered":"https:\/\/acmne.ch\/site\/?p=4914"},"modified":"2024-03-12T10:08:23","modified_gmt":"2024-03-12T09:08:23","slug":"covid-19","status":"publish","type":"post","link":"https:\/\/acmne.ch\/site\/2024\/03\/12\/covid-19\/","title":{"rendered":"COVID-19\u00a0\u00a0"},"content":{"rendered":"<div>\n<div class=\"cxmmr5t8 oygrvhab hcukyx3x c1et5uql o9v6fnle ii04i59q\">\n<div dir=\"auto\">\n<div><\/div>\n<\/div>\n<\/div>\n<\/div>\n<div style=\"text-align: center;\">\n<p><img loading=\"lazy\" decoding=\"async\" class=\"wp-image-4320 alignright\" title=\"Communication ACMNE sur COVID-19\" src=\"https:\/\/acmne.ch\/site\/wp-content\/uploads\/2022\/03\/covid-19-resources-2-700x324-1-300x139.webp\" alt=\"Communication ACMNE sur COVID-19\" width=\"333\" height=\"154\" srcset=\"https:\/\/acmne.ch\/site\/wp-content\/uploads\/2022\/03\/covid-19-resources-2-700x324-1-300x139.webp 300w, https:\/\/acmne.ch\/site\/wp-content\/uploads\/2022\/03\/covid-19-resources-2-700x324-1.webp 700w\" sizes=\"auto, (max-width: 333px) 100vw, 333px\" \/><\/p>\n<div style=\"color: #000080; text-align: left;\"><\/div>\n<div style=\"text-align: left;\">\n<div style=\"color: #000080; text-align: left;\">\n<h4 style=\"text-align: center;\"><strong style=\"color: #dd8706;\">COVID-19\u00a0\u00a0<\/strong><\/h4>\n<\/div>\n<div style=\"color: #000080; text-align: left;\"><span style=\"color: #0000ff;\">\u0627\u0639\u062a\u0628\u0627\u0631\u0627 \u0645\u0646 17 \u0641\u0628\u0631\u0627\u064a\u0631 2022 \u062a\u0645 \u0631\u0641\u0639 \u062c\u0645\u064a\u0639 \u062a\u062f\u0627\u0628\u064a\u0631 \u0643\u0648\u0641\u064a\u062f \u0628\u0639\u062f \u0642\u0631\u0627\u0631\u0627\u062a \u0627\u0644\u062a\u064a \u0627\u062a\u062e\u0630\u062a\u0647\u0627 \u0627\u0644\u0633\u0644\u0637\u0627\u062a \u0627\u0644\u0641\u064a\u062f\u0631\u0627\u0644\u064a\u0629 \u0648 \u0627\u0644\u0643\u0627\u0646\u062a\u0648\u0646 \u0646\u0648\u0634\u0627\u062a\u064a\u0644<\/span><\/div>\n<div style=\"text-align: left;\"><span style=\"color: #0000ff;\">\u0644\u0627 \u062d\u0627\u062c\u0629 \u0644\u0627\u0631\u062a\u062f\u0627\u0621 \u0627\u0644\u0643\u0645\u0627\u0645\u0629 \u0641\u064a \u0645\u0642\u0631 \u0627\u0644\u0645\u0633\u062c\u062f \u0648 \u0644\u0627 \u062f\u0627\u0639\u064a \u0644\u0644\u062a\u0633\u062c\u064a\u0644 \u0644\u062d\u0636\u0648\u0631 \u062e\u0637\u0628\u0629 \u0627\u0644\u062c\u0645\u0639\u0629\u00a0 .. \u0646\u0633\u0627\u0644 \u0627\u0644\u0644\u0647 \u0627\u0646 \u064a\u062d\u0641\u0638\u0643\u0645 \u0645\u0646 \u0643\u0644 \u0645\u0643\u0631\u0648\u0647 \u0648\u0627\u0646 \u064a\u0634\u0641\u064a \u0645\u0631\u0636\u0627\u0646\u0627\u00a0<\/span><\/div>\n<div style=\"text-align: left;\"><\/div>\n<div style=\"text-align: left;\"><span style=\"color: #008000;\">D\u00e8s le 17 f\u00e9vrier 2022, toutes les mesures COVID sont lev\u00e9es suite aux d\u00e9cisions prises par le Conseil f\u00e9d\u00e9ral et le Conseil d&rsquo;Etat. Plus besoin de porter le masque dans nos locaux, ni de s\u2019inscrire pour assister aux sermons de vendredi.\u00a0 Qu\u2019Allah vous prot\u00e8ge de tout mal et gu\u00e9risse toutes et tous les malades.<\/span><\/div>\n<\/div>\n<\/div>\n","protected":false},"excerpt":{"rendered":"<p>COVID-19\u00a0\u00a0 \u0627\u0639\u062a\u0628\u0627\u0631\u0627 \u0645\u0646 17 \u0641\u0628\u0631\u0627\u064a\u0631 2022 \u062a\u0645 \u0631\u0641\u0639 \u062c\u0645\u064a\u0639 \u062a\u062f\u0627\u0628\u064a\u0631 \u0643\u0648\u0641\u064a\u062f \u0628\u0639\u062f \u0642\u0631\u0627\u0631\u0627\u062a \u0627\u0644\u062a\u064a \u0627\u062a\u062e\u0630\u062a\u0647\u0627 \u0627\u0644\u0633\u0644\u0637\u0627\u062a \u0627\u0644\u0641\u064a\u062f\u0631\u0627\u0644\u064a\u0629 \u0648 \u0627\u0644\u0643\u0627\u0646\u062a\u0648\u0646 \u0646\u0648\u0634\u0627\u062a\u064a\u0644 \u0644\u0627 \u062d\u0627\u062c\u0629 \u0644\u0627\u0631\u062a\u062f\u0627\u0621 \u0627\u0644\u0643\u0645\u0627\u0645\u0629 \u0641\u064a \u0645\u0642\u0631 \u0627\u0644\u0645\u0633\u062c\u062f \u0648 \u0644\u0627 \u062f\u0627\u0639\u064a \u0644\u0644\u062a\u0633\u062c\u064a\u0644 \u0644\u062d\u0636\u0648\u0631 \u062e\u0637\u0628\u0629 \u0627\u0644\u062c\u0645\u0639\u0629\u00a0 .. \u0646\u0633\u0627\u0644 \u0627\u0644\u0644\u0647 \u0627\u0646 \u064a\u062d\u0641\u0638\u0643\u0645 \u0645\u0646 \u0643\u0644 \u0645\u0643\u0631\u0648\u0647 \u0648\u0627\u0646 \u064a\u0634\u0641\u064a \u0645\u0631\u0636\u0627\u0646\u0627\u00a0 D\u00e8s le 17 f\u00e9vrier 2022, toutes les mesures COVID sont [&hellip;]<\/p>\n","protected":false},"author":3,"featured_media":0,"comment_status":"closed","ping_status":"closed","sticky":false,"template":"","format":"standard","meta":{"footnotes":""},"categories":[4],"tags":[],"class_list":["post-4914","post","type-post","status-publish","format-standard","hentry","category-archive"],"_links":{"self":[{"href":"https:\/\/acmne.ch\/site\/wp-json\/wp\/v2\/posts\/4914","targetHints":{"allow":["GET"]}}],"collection":[{"href":"https:\/\/acmne.ch\/site\/wp-json\/wp\/v2\/posts"}],"about":[{"href":"https:\/\/acmne.ch\/site\/wp-json\/wp\/v2\/types\/post"}],"author":[{"embeddable":true,"href":"https:\/\/acmne.ch\/site\/wp-json\/wp\/v2\/users\/3"}],"replies":[{"embeddable":true,"href":"https:\/\/acmne.ch\/site\/wp-json\/wp\/v2\/comments?post=4914"}],"version-history":[{"count":1,"href":"https:\/\/acmne.ch\/site\/wp-json\/wp\/v2\/posts\/4914\/revisions"}],"predecessor-version":[{"id":4915,"href":"https:\/\/acmne.ch\/site\/wp-json\/wp\/v2\/posts\/4914\/revisions\/4915"}],"wp:attachment":[{"href":"https:\/\/acmne.ch\/site\/wp-json\/wp\/v2\/media?parent=4914"}],"wp:term":[{"taxonomy":"category","embeddable":true,"href":"https:\/\/acmne.ch\/site\/wp-json\/wp\/v2\/categories?post=4914"},{"taxonomy":"post_tag","embeddable":true,"href":"https:\/\/acmne.ch\/site\/wp-json\/wp\/v2\/tags?post=4914"}],"curies":[{"name":"wp","href":"https:\/\/api.w.org\/{rel}","templated":true}]}}