{"id":4891,"date":"2024-03-09T00:30:22","date_gmt":"2024-03-08T23:30:22","guid":{"rendered":"https:\/\/acmne.ch\/site\/?p=4891"},"modified":"2024-03-09T00:30:22","modified_gmt":"2024-03-08T23:30:22","slug":"activite-le-10-fevrier-2024","status":"publish","type":"post","link":"https:\/\/acmne.ch\/site\/2024\/03\/09\/activite-le-10-fevrier-2024\/","title":{"rendered":"Activit\u00e9 le 10 f\u00e9vrier 2024"},"content":{"rendered":"<h3 style=\"text-align: center;\"><strong><span style=\"color: #dd8706;\">Activit\u00e9 le 10 f\u00e9vrier 2024<\/span><\/strong><\/h3>\n<p style=\"text-align: right;\"><span style=\"color: #0000ff;\">\u0645\u0639\u0631\u0636 \u0627\u0644\u0633\u064a\u0631\u0629 \u0627\u0644\u0646\u0628\u0648\u064a\u0629 \u064a\u0648\u0645 \u0627\u0644\u0633\u0628\u062a \u0627\u0644\u0645\u0648\u0627\u0641\u0642 10.02.2024 \u0627\u0628\u062a\u062f\u0623 \u0645\u0646 \u0635\u0644\u0627\u0629 \u0627\u0644\u0639\u0635\u0631 \u0648\u0643\u0630\u0644\u0643 \u0641\u064a \u0646\u0641\u0633 \u0627\u0644\u064a\u0648\u0645 \u062f\u0631\u0633 \u0628\u0639\u062f \u0635\u0644\u0627\u0629 \u0627\u0644\u0645\u063a\u0631\u0628<\/span><\/p>\n<p><span style=\"color: #0000ff;\">Exposition sur la vie de notre cher proph\u00e8te sws dans notre mosqu\u00e9e d\u00e9roulera le 10.02.2024 apr\u00e8s Asar et au m\u00eame jour il y aura un cours apr\u00e8s la pri\u00e8re du Magreb.<\/span><\/p>\n<p><span style=\"color: #0000ff;\">Merci de prendre vos t\u00e9l\u00e9phones et des \u00e9couteurs pour la traduction en fran\u00e7ais..il y aura une connexion internet disponible gratuitement.<\/span><\/p>\n<p><img loading=\"lazy\" decoding=\"async\" class=\"wp-image-4865  aligncenter\" src=\"https:\/\/acmne.ch\/site\/wp-content\/uploads\/2024\/02\/AnnonceSira.jpg\" alt=\"\" width=\"500\" height=\"708\" srcset=\"https:\/\/acmne.ch\/site\/wp-content\/uploads\/2024\/02\/AnnonceSira.jpg 1131w, https:\/\/acmne.ch\/site\/wp-content\/uploads\/2024\/02\/AnnonceSira-212x300.jpg 212w, https:\/\/acmne.ch\/site\/wp-content\/uploads\/2024\/02\/AnnonceSira-724x1024.jpg 724w, https:\/\/acmne.ch\/site\/wp-content\/uploads\/2024\/02\/AnnonceSira-768x1086.jpg 768w, https:\/\/acmne.ch\/site\/wp-content\/uploads\/2024\/02\/AnnonceSira-1086x1536.jpg 1086w, https:\/\/acmne.ch\/site\/wp-content\/uploads\/2024\/02\/AnnonceSira-820x1160.jpg 820w\" sizes=\"auto, (max-width: 500px) 100vw, 500px\" \/><\/p>\n","protected":false},"excerpt":{"rendered":"<p>Activit\u00e9 le 10 f\u00e9vrier 2024 \u0645\u0639\u0631\u0636 \u0627\u0644\u0633\u064a\u0631\u0629 \u0627\u0644\u0646\u0628\u0648\u064a\u0629 \u064a\u0648\u0645 \u0627\u0644\u0633\u0628\u062a \u0627\u0644\u0645\u0648\u0627\u0641\u0642 10.02.2024 \u0627\u0628\u062a\u062f\u0623 \u0645\u0646 \u0635\u0644\u0627\u0629 \u0627\u0644\u0639\u0635\u0631 \u0648\u0643\u0630\u0644\u0643 \u0641\u064a \u0646\u0641\u0633 \u0627\u0644\u064a\u0648\u0645 \u062f\u0631\u0633 \u0628\u0639\u062f \u0635\u0644\u0627\u0629 \u0627\u0644\u0645\u063a\u0631\u0628 Exposition sur la vie de notre cher proph\u00e8te sws dans notre mosqu\u00e9e d\u00e9roulera le 10.02.2024 apr\u00e8s Asar et au m\u00eame jour il y aura un cours apr\u00e8s la pri\u00e8re du Magreb. [&hellip;]<\/p>\n","protected":false},"author":3,"featured_media":0,"comment_status":"closed","ping_status":"closed","sticky":false,"template":"","format":"standard","meta":{"footnotes":""},"categories":[4],"tags":[],"class_list":["post-4891","post","type-post","status-publish","format-standard","hentry","category-archive"],"_links":{"self":[{"href":"https:\/\/acmne.ch\/site\/wp-json\/wp\/v2\/posts\/4891","targetHints":{"allow":["GET"]}}],"collection":[{"href":"https:\/\/acmne.ch\/site\/wp-json\/wp\/v2\/posts"}],"about":[{"href":"https:\/\/acmne.ch\/site\/wp-json\/wp\/v2\/types\/post"}],"author":[{"embeddable":true,"href":"https:\/\/acmne.ch\/site\/wp-json\/wp\/v2\/users\/3"}],"replies":[{"embeddable":true,"href":"https:\/\/acmne.ch\/site\/wp-json\/wp\/v2\/comments?post=4891"}],"version-history":[{"count":1,"href":"https:\/\/acmne.ch\/site\/wp-json\/wp\/v2\/posts\/4891\/revisions"}],"predecessor-version":[{"id":4892,"href":"https:\/\/acmne.ch\/site\/wp-json\/wp\/v2\/posts\/4891\/revisions\/4892"}],"wp:attachment":[{"href":"https:\/\/acmne.ch\/site\/wp-json\/wp\/v2\/media?parent=4891"}],"wp:term":[{"taxonomy":"category","embeddable":true,"href":"https:\/\/acmne.ch\/site\/wp-json\/wp\/v2\/categories?post=4891"},{"taxonomy":"post_tag","embeddable":true,"href":"https:\/\/acmne.ch\/site\/wp-json\/wp\/v2\/tags?post=4891"}],"curies":[{"name":"wp","href":"https:\/\/api.w.org\/{rel}","templated":true}]}}