{"id":4845,"date":"2024-01-31T11:06:35","date_gmt":"2024-01-31T10:06:35","guid":{"rendered":"https:\/\/acmne.ch\/site\/?p=4845"},"modified":"2024-01-31T12:11:14","modified_gmt":"2024-01-31T11:11:14","slug":"communique-le-31-01-2024-nouveau-bureau-24-24-acmne","status":"publish","type":"post","link":"https:\/\/acmne.ch\/site\/2024\/01\/31\/communique-le-31-01-2024-nouveau-bureau-24-24-acmne\/","title":{"rendered":"Communiqu\u00e9 le 31.01.2024 (Nouveau bureau 24\/25 ACMNE)"},"content":{"rendered":"<p><a href=\"https:\/\/acmne.ch\/site\/wp-content\/uploads\/2024\/01\/Communication_24-01_003_Nouveau_Bureau_v1.pdf\" target=\"_blank\" rel=\"noopener\">Communiqu\u00e9 31 janvier 2024 en format PDF<\/a><\/p>\n<p><em>Louange \u00e0 Allah, pri\u00e8re et salut sur le proph\u00e8te Mohamed <\/em><strong>\ufdfa<\/strong><em>, sa famille et ses compagnons.<\/em><\/p>\n<h4 style=\"text-align: right;\">\u0627\u0644\u062d\u0645\u062f \u0644\u0644\u0647 \u0631\u0628 \u0627\u0644\u0639\u0627\u0644\u0645\u064a\u0646 \u0648\u0627\u0644\u0635\u0644\u0627\u0629 \u0648\u0627\u0644\u0633\u0644\u0627\u0645 \u0639\u0644\u0649 \u0627\u0634\u0631\u0641 \u0627\u0644\u0645\u0631\u0633\u0644\u064a\u0646 \u0648\u062e\u0627\u062a\u0645 \u0627\u0644\u0646\u0628\u064a\u064a\u0646 \u0648\u0631\u062d\u0645\u0629 \u0644\u0644\u0639\u0627\u0644\u0645\u064a\u0646 \u0633\u064a\u062f\u0646\u0627 \u0645\u062d\u0645\u062f \u0648\u0639\u0644\u0649 \u0627\u0644\u0647 \u0648\u0635\u062d\u0628\u0647 \u0627\u062c\u0645\u0639\u064a\u0646<\/h4>\n<p>Lors du d\u00e9roulement de l\u2019assembl\u00e9e g\u00e9n\u00e9rale de l\u2019ACMNE, qui s&rsquo;est tenue le 14 janvier 2024, il a \u00e9t\u00e9 proc\u00e9d\u00e9 \u00e0 l&rsquo;\u00e9lection du fr\u00e8re <strong>Imed BOZGHIBA<\/strong> en tant que nouveau pr\u00e9sident de ladite association. Conform\u00e9ment \u00e0 l&rsquo;article 19.1 des statuts, il lui est conf\u00e9r\u00e9 le droit de s\u00e9lectionner les membres qui si\u00e8geront au sein de son comit\u00e9.<\/p>\n<h4 style=\"text-align: right;\">\u062e\u0644\u0627\u0644 \u0627\u0644\u062c\u0645\u0639\u064a\u0629 \u0627\u0644\u0639\u0645\u0648\u0645\u064a\u0629 \u0627\u0644\u0645\u0646\u0639\u0642\u062f\u0629 \u0628\u062a\u0627\u0631\u064a\u062e 14 \u064a\u0646\u0627\u064a\u0631 2024 \u062a\u0645 \u0627\u0646\u062a\u062e\u0627\u0628 \u0627\u0644\u0623\u062e <strong>\u0639\u0645\u0640\u0640\u0640\u0627\u062f \u0645\u0646\u0635\u0640\u0640\u0640\u0648\u0631 \u0628\u0648\u0632\u063a\u064a\u0628\u0640\u0640\u0640\u0640\u0640\u0640\u0629<\/strong> \u0644\u0631\u0626\u0627\u0633\u0629 \u0627\u0644\u062c\u0645\u0639\u064a\u0629 \u0627\u0644\u062b\u0642\u0627\u0641\u064a\u0629 \u0644\u0645\u0633\u0644\u0645\u064a \u0646\u0648\u0634\u0627\u062a\u064a\u0644. \u0648\u0648\u0641\u0642\u0627\u064b \u0644\u0644\u0645\u0627\u062f\u0629 19.1 \u0645\u0646 \u0627\u0644\u0646\u0638\u0627\u0645 \u0627\u0644\u0623\u0633\u0627\u0633\u064a\u060c \u064a\u062d\u0642 \u0644\u0644\u0631\u0626\u064a\u0633 \u0627\u062e\u062a\u064a\u0627\u0631 \u0627\u0644\u0623\u0639\u0636\u0627\u0621 \u0627\u0644\u0630\u064a\u0646 \u0633\u064a\u0646\u0636\u0645\u0648\u0646 \u0625\u0644\u0649 \u0645\u0643\u062a\u0628\u0647 \u0648\u0642\u062f \u0648\u0627\u0641\u0642 \u0627\u0644\u0623\u0634\u062e\u0627\u0635 \u0627\u0644\u0645\u0630\u0643\u0648\u0631\u0648\u0646 \u0623\u062f\u0646\u0627\u0647 \u0639\u0644\u0649 \u0627\u0644\u0642\u064a\u0627\u0645 \u0628\u0647\u0630\u0647 \u0627\u0644\u0645\u0647\u0645\u0629<\/h4>\n<p>Les personnes mentionn\u00e9es ci-dessous ont consenti \u00e0 accomplir cette t\u00e2che :<\/p>\n<table width=\"0\">\n<tbody>\n<tr>\n<td style=\"text-align: center;\" width=\"186\"><strong>Pr\u00e9nom Nom<\/strong><\/td>\n<td width=\"381\">\n<p style=\"text-align: center;\"><strong>Responsabilit\u00e9<\/strong><\/p>\n<\/td>\n<\/tr>\n<tr>\n<td width=\"186\">Fahim BECK<\/td>\n<td width=\"381\">Responsable finance \/ \u0627\u0644\u0645\u0633\u0624\u0648\u0644 \u0627\u0644\u0645\u0627\u0644\u064a<\/td>\n<\/tr>\n<tr>\n<td width=\"186\">Billel EL-FAJJOUCHI<\/td>\n<td width=\"381\">Responsable communication \/ \u0645\u0633\u0624\u0648\u0644 \u0627\u0644\u062a\u0648\u0627\u0635\u0644<\/td>\n<\/tr>\n<tr>\n<td width=\"186\">Abderahmen SIDAOUI<\/td>\n<td width=\"381\">Responsable culture et jeunesse \/ \u0645\u0633\u0624\u0648\u0644 \u0627\u0644\u062b\u0642\u0627\u0641\u0629 \u0648 \u0627\u0644\u0634\u0628\u0627\u0628<\/td>\n<\/tr>\n<tr>\n<td width=\"186\">Anas KEYSE<\/td>\n<td width=\"381\">Responsable \u00e9v\u00e9nementiel \u0645\u0633\u0624\u0648\u0644 \u0627\u0644\u0623\u0639\u064a\u0627\u062f \/<\/td>\n<\/tr>\n<tr>\n<td width=\"186\">Al-Hussein HAWARI<\/td>\n<td width=\"381\">Responsable technique des locaux \/ \u0645\u0633\u0624\u0648\u0644 \u0627\u0644\u0635\u064a\u0627\u0646\u0629<\/td>\n<\/tr>\n<\/tbody>\n<\/table>\n<h4 style=\"text-align: right;\">\u062c\u0632\u0627\u0647\u0645 \u0627\u0644\u0644\u0647 \u0639\u0646\u0627 \u062e\u064a\u0631 \u0627\u0644\u062c\u0632\u0627\u0621 \u0639\u0644\u0649 \u0627\u0644\u062a\u0632\u0627\u0645\u0647\u0645\u060c \u0646\u0633\u0623\u0644 \u0627\u0644\u0644\u0647 \u0627\u0644\u062a\u0648\u0641\u064a\u0642 \u0648\u0627\u0644\u0633\u062f\u0627\u062f \u0644\u062a\u0644\u0628\u064a\u0629 \u0627\u062d\u062a\u064a\u0627\u062c\u0627\u062a \u0627\u0644\u062c\u0627\u0644\u064a\u0629 \u0627\u0644\u0645\u0633\u0644\u0645\u0629 \u0641\u064a \u0646\u0648\u0634\u0627\u062a\u064a\u0644<\/h4>\n<p>Qu\u2019Allah r\u00e9compense avec g\u00e9n\u00e9rosit\u00e9 les honorables personnes cit\u00e9es ci-dessus d&rsquo;avoir accept\u00e9 cette mission et de s&rsquo;\u00eatre engag\u00e9es pour servir n\u00f4tre communaut\u00e9. Qu\u2019Allah les assiste dans l&rsquo;accomplissement de cette noble t\u00e2che.<\/p>\n<p>Barak Allahou Fikoum pour votre compr\u00e9hension.<\/p>\n","protected":false},"excerpt":{"rendered":"<p>Communiqu\u00e9 31 janvier 2024 en format PDF Louange \u00e0 Allah, pri\u00e8re et salut sur le proph\u00e8te Mohamed \ufdfa, sa famille et ses compagnons. \u0627\u0644\u062d\u0645\u062f \u0644\u0644\u0647 \u0631\u0628 \u0627\u0644\u0639\u0627\u0644\u0645\u064a\u0646 \u0648\u0627\u0644\u0635\u0644\u0627\u0629 \u0648\u0627\u0644\u0633\u0644\u0627\u0645 \u0639\u0644\u0649 \u0627\u0634\u0631\u0641 \u0627\u0644\u0645\u0631\u0633\u0644\u064a\u0646 \u0648\u062e\u0627\u062a\u0645 \u0627\u0644\u0646\u0628\u064a\u064a\u0646 \u0648\u0631\u062d\u0645\u0629 \u0644\u0644\u0639\u0627\u0644\u0645\u064a\u0646 \u0633\u064a\u062f\u0646\u0627 \u0645\u062d\u0645\u062f \u0648\u0639\u0644\u0649 \u0627\u0644\u0647 \u0648\u0635\u062d\u0628\u0647 \u0627\u062c\u0645\u0639\u064a\u0646 Lors du d\u00e9roulement de l\u2019assembl\u00e9e g\u00e9n\u00e9rale de l\u2019ACMNE, qui s&rsquo;est tenue le 14 [&hellip;]<\/p>\n","protected":false},"author":3,"featured_media":0,"comment_status":"closed","ping_status":"closed","sticky":false,"template":"","format":"standard","meta":{"footnotes":""},"categories":[5],"tags":[],"class_list":["post-4845","post","type-post","status-publish","format-standard","hentry","category-communiques"],"_links":{"self":[{"href":"https:\/\/acmne.ch\/site\/wp-json\/wp\/v2\/posts\/4845","targetHints":{"allow":["GET"]}}],"collection":[{"href":"https:\/\/acmne.ch\/site\/wp-json\/wp\/v2\/posts"}],"about":[{"href":"https:\/\/acmne.ch\/site\/wp-json\/wp\/v2\/types\/post"}],"author":[{"embeddable":true,"href":"https:\/\/acmne.ch\/site\/wp-json\/wp\/v2\/users\/3"}],"replies":[{"embeddable":true,"href":"https:\/\/acmne.ch\/site\/wp-json\/wp\/v2\/comments?post=4845"}],"version-history":[{"count":6,"href":"https:\/\/acmne.ch\/site\/wp-json\/wp\/v2\/posts\/4845\/revisions"}],"predecessor-version":[{"id":4857,"href":"https:\/\/acmne.ch\/site\/wp-json\/wp\/v2\/posts\/4845\/revisions\/4857"}],"wp:attachment":[{"href":"https:\/\/acmne.ch\/site\/wp-json\/wp\/v2\/media?parent=4845"}],"wp:term":[{"taxonomy":"category","embeddable":true,"href":"https:\/\/acmne.ch\/site\/wp-json\/wp\/v2\/categories?post=4845"},{"taxonomy":"post_tag","embeddable":true,"href":"https:\/\/acmne.ch\/site\/wp-json\/wp\/v2\/tags?post=4845"}],"curies":[{"name":"wp","href":"https:\/\/api.w.org\/{rel}","templated":true}]}}