{"id":3949,"date":"2021-09-13T19:55:51","date_gmt":"2021-09-13T17:55:51","guid":{"rendered":"https:\/\/acmne.ch\/site\/?p=3949"},"modified":"2021-09-13T19:56:03","modified_gmt":"2021-09-13T17:56:03","slug":"communique-concernant-lacces-a-nos-locaux-des-le-13-09-2021","status":"publish","type":"post","link":"https:\/\/acmne.ch\/site\/2021\/09\/13\/communique-concernant-lacces-a-nos-locaux-des-le-13-09-2021\/","title":{"rendered":"Communiqu\u00e9 concernant l&rsquo;acc\u00e8s \u00e0 nos locaux d\u00e8s le 13.09.2021"},"content":{"rendered":"<p style=\"text-align: center;\"><a href=\"https:\/\/acmne.ch\/site\/wp-content\/uploads\/2021\/09\/Communication_21-09_001_Acce\u0300s_Locaux.pdf\" target=\"_blank\" rel=\"noopener\">Communiqu\u00e9\u00a0 concernant l&rsquo;acc\u00e8s aux locaux d\u00e8s le 13 septembre 2021<\/a><\/p>\n<p>&nbsp;<\/p>\n","protected":false},"excerpt":{"rendered":"<p>Communiqu\u00e9\u00a0 concernant l&rsquo;acc\u00e8s aux locaux d\u00e8s le 13 septembre 2021 &nbsp;<\/p>\n","protected":false},"author":3,"featured_media":0,"comment_status":"closed","ping_status":"closed","sticky":false,"template":"","format":"standard","meta":{"footnotes":""},"categories":[5],"tags":[],"class_list":["post-3949","post","type-post","status-publish","format-standard","hentry","category-communiques"],"_links":{"self":[{"href":"https:\/\/acmne.ch\/site\/wp-json\/wp\/v2\/posts\/3949","targetHints":{"allow":["GET"]}}],"collection":[{"href":"https:\/\/acmne.ch\/site\/wp-json\/wp\/v2\/posts"}],"about":[{"href":"https:\/\/acmne.ch\/site\/wp-json\/wp\/v2\/types\/post"}],"author":[{"embeddable":true,"href":"https:\/\/acmne.ch\/site\/wp-json\/wp\/v2\/users\/3"}],"replies":[{"embeddable":true,"href":"https:\/\/acmne.ch\/site\/wp-json\/wp\/v2\/comments?post=3949"}],"version-history":[{"count":2,"href":"https:\/\/acmne.ch\/site\/wp-json\/wp\/v2\/posts\/3949\/revisions"}],"predecessor-version":[{"id":3951,"href":"https:\/\/acmne.ch\/site\/wp-json\/wp\/v2\/posts\/3949\/revisions\/3951"}],"wp:attachment":[{"href":"https:\/\/acmne.ch\/site\/wp-json\/wp\/v2\/media?parent=3949"}],"wp:term":[{"taxonomy":"category","embeddable":true,"href":"https:\/\/acmne.ch\/site\/wp-json\/wp\/v2\/categories?post=3949"},{"taxonomy":"post_tag","embeddable":true,"href":"https:\/\/acmne.ch\/site\/wp-json\/wp\/v2\/tags?post=3949"}],"curies":[{"name":"wp","href":"https:\/\/api.w.org\/{rel}","templated":true}]}}