{"id":2318,"date":"2020-07-24T17:38:15","date_gmt":"2020-07-24T15:38:15","guid":{"rendered":"http:\/\/acmne.ch\/site\/?p=2318"},"modified":"2020-07-24T17:38:15","modified_gmt":"2020-07-24T15:38:15","slug":"aid-al-adha-2020","status":"publish","type":"post","link":"https:\/\/acmne.ch\/site\/2020\/07\/24\/aid-al-adha-2020\/","title":{"rendered":"A\u00efd Al-Adha 2020"},"content":{"rendered":"<p style=\"text-align: center;\"><span style=\"color: #ff6600;\">L&rsquo;ensemble du comit\u00e9 de l&rsquo;Association Culturelle des Musulmans de Neuch\u00e2tel vous souhaite d&rsquo;ores et d\u00e9j\u00e0, A\u00efd MOUBARAK.<\/span><\/p>\n<h3 style=\"text-align: center;\"><span style=\"color: #ff6600;\">\u0627\u0644\u062c\u0645\u0639\u064a\u0629 \u0627\u0644\u062b\u0642\u0627\u0641\u064a\u0629 \u0644\u0645\u0633\u0644\u0645\u064a \u0646\u0648\u0634\u0627\u062a\u064a\u0644 \u062a\u0647\u0646\u0626\u0643\u0645 \u0628\u0642\u062f\u0648\u0645 \u0627\u0644\u0639\u064a\u062f \u0627\u0644\u0627\u0636\u062d\u0649 \u060c \u0643\u0644 \u0639\u0627\u0645\u00a0 \u0648 \u0627\u0644\u0623\u0645\u0629 \u0627\u0644\u0625\u0633\u0644\u0627\u0645\u064a\u0629 \u0628\u062e\u064a\u0631<\/span><\/h3>\n<h3 style=\"text-align: center;\">\u0627\u0636\u063a\u0637 \u0639\u0644\u0649 \u0627\u0644\u0631\u0627\u0628\u0637 \u0627\u0644\u062a\u0627\u0644\u064a \u0645\u0646 \u0627\u062c\u0644 \u0627\u0644\u062a\u0633\u062c\u064a\u0644 \u0644\u062d\u0636\u0648\u0631 \u0635\u0644\u0627\u0629 \u0627\u0644\u0639\u064a\u062f \u0627\u0644\u0627\u0636\u062d\u0649<\/h3>\n<p style=\"text-align: center;\">\u00a0L&rsquo;inscription pour assister \u00e0 la pri\u00e8re de l&rsquo;A\u00efd,Cliquer sur le lien ci-dessous : <a href=\"https:\/\/acmne.ch\/site\/eid\">https:\/\/acmne.ch\/site\/eid<\/a><\/p>\n<p><img loading=\"lazy\" decoding=\"async\" class=\"wp-image-2316 aligncenter\" src=\"https:\/\/acmne.ch\/site\/wp-content\/uploads\/2020\/07\/Eid-1.jpg\" alt=\"\" width=\"699\" height=\"1052\" srcset=\"https:\/\/acmne.ch\/site\/wp-content\/uploads\/2020\/07\/Eid-1.jpg 1361w, https:\/\/acmne.ch\/site\/wp-content\/uploads\/2020\/07\/Eid-1-199x300.jpg 199w, https:\/\/acmne.ch\/site\/wp-content\/uploads\/2020\/07\/Eid-1-681x1024.jpg 681w, https:\/\/acmne.ch\/site\/wp-content\/uploads\/2020\/07\/Eid-1-768x1156.jpg 768w, https:\/\/acmne.ch\/site\/wp-content\/uploads\/2020\/07\/Eid-1-1021x1536.jpg 1021w, https:\/\/acmne.ch\/site\/wp-content\/uploads\/2020\/07\/Eid-1-820x1234.jpg 820w\" sizes=\"auto, (max-width: 699px) 100vw, 699px\" \/><\/p>\n<h3><img loading=\"lazy\" decoding=\"async\" class=\"wp-image-2309 aligncenter\" src=\"https:\/\/acmne.ch\/site\/wp-content\/uploads\/2020\/07\/Eid.jpg\" alt=\"\" width=\"700\" height=\"990\" srcset=\"https:\/\/acmne.ch\/site\/wp-content\/uploads\/2020\/07\/Eid.jpg 1448w, https:\/\/acmne.ch\/site\/wp-content\/uploads\/2020\/07\/Eid-212x300.jpg 212w, https:\/\/acmne.ch\/site\/wp-content\/uploads\/2020\/07\/Eid-724x1024.jpg 724w, https:\/\/acmne.ch\/site\/wp-content\/uploads\/2020\/07\/Eid-768x1086.jpg 768w, https:\/\/acmne.ch\/site\/wp-content\/uploads\/2020\/07\/Eid-1086x1536.jpg 1086w, https:\/\/acmne.ch\/site\/wp-content\/uploads\/2020\/07\/Eid-820x1160.jpg 820w\" sizes=\"auto, (max-width: 700px) 100vw, 700px\" \/><\/h3>\n","protected":false},"excerpt":{"rendered":"<p>L&rsquo;ensemble du comit\u00e9 de l&rsquo;Association Culturelle des Musulmans de Neuch\u00e2tel vous souhaite d&rsquo;ores et d\u00e9j\u00e0, A\u00efd MOUBARAK. \u0627\u0644\u062c\u0645\u0639\u064a\u0629 \u0627\u0644\u062b\u0642\u0627\u0641\u064a\u0629 \u0644\u0645\u0633\u0644\u0645\u064a \u0646\u0648\u0634\u0627\u062a\u064a\u0644 \u062a\u0647\u0646\u0626\u0643\u0645 \u0628\u0642\u062f\u0648\u0645 \u0627\u0644\u0639\u064a\u062f \u0627\u0644\u0627\u0636\u062d\u0649 \u060c \u0643\u0644 \u0639\u0627\u0645\u00a0 \u0648 \u0627\u0644\u0623\u0645\u0629 \u0627\u0644\u0625\u0633\u0644\u0627\u0645\u064a\u0629 \u0628\u062e\u064a\u0631 \u0627\u0636\u063a\u0637 \u0639\u0644\u0649 \u0627\u0644\u0631\u0627\u0628\u0637 \u0627\u0644\u062a\u0627\u0644\u064a \u0645\u0646 \u0627\u062c\u0644 \u0627\u0644\u062a\u0633\u062c\u064a\u0644 \u0644\u062d\u0636\u0648\u0631 \u0635\u0644\u0627\u0629 \u0627\u0644\u0639\u064a\u062f \u0627\u0644\u0627\u0636\u062d\u0649 \u00a0L&rsquo;inscription pour assister \u00e0 la pri\u00e8re de l&rsquo;A\u00efd,Cliquer sur le lien ci-dessous [&hellip;]<\/p>\n","protected":false},"author":3,"featured_media":0,"comment_status":"closed","ping_status":"closed","sticky":false,"template":"","format":"standard","meta":{"footnotes":""},"categories":[5],"tags":[],"class_list":["post-2318","post","type-post","status-publish","format-standard","hentry","category-communiques"],"_links":{"self":[{"href":"https:\/\/acmne.ch\/site\/wp-json\/wp\/v2\/posts\/2318","targetHints":{"allow":["GET"]}}],"collection":[{"href":"https:\/\/acmne.ch\/site\/wp-json\/wp\/v2\/posts"}],"about":[{"href":"https:\/\/acmne.ch\/site\/wp-json\/wp\/v2\/types\/post"}],"author":[{"embeddable":true,"href":"https:\/\/acmne.ch\/site\/wp-json\/wp\/v2\/users\/3"}],"replies":[{"embeddable":true,"href":"https:\/\/acmne.ch\/site\/wp-json\/wp\/v2\/comments?post=2318"}],"version-history":[{"count":1,"href":"https:\/\/acmne.ch\/site\/wp-json\/wp\/v2\/posts\/2318\/revisions"}],"predecessor-version":[{"id":2319,"href":"https:\/\/acmne.ch\/site\/wp-json\/wp\/v2\/posts\/2318\/revisions\/2319"}],"wp:attachment":[{"href":"https:\/\/acmne.ch\/site\/wp-json\/wp\/v2\/media?parent=2318"}],"wp:term":[{"taxonomy":"category","embeddable":true,"href":"https:\/\/acmne.ch\/site\/wp-json\/wp\/v2\/categories?post=2318"},{"taxonomy":"post_tag","embeddable":true,"href":"https:\/\/acmne.ch\/site\/wp-json\/wp\/v2\/tags?post=2318"}],"curies":[{"name":"wp","href":"https:\/\/api.w.org\/{rel}","templated":true}]}}