{"id":2010,"date":"2020-05-27T11:53:57","date_gmt":"2020-05-27T09:53:57","guid":{"rendered":"http:\/\/acmne.ch\/site\/?p=2010"},"modified":"2020-05-27T11:57:12","modified_gmt":"2020-05-27T09:57:12","slug":"communique-27-mai-2020-reouverture-de-masjeed-pour-les-prieres-quotidiennes","status":"publish","type":"post","link":"https:\/\/acmne.ch\/site\/2020\/05\/27\/communique-27-mai-2020-reouverture-de-masjeed-pour-les-prieres-quotidiennes\/","title":{"rendered":"Communiqu\u00e9 27 mai 2020 (R\u00e9ouverture de Masjeed pour les pri\u00e8res quotidiennes)"},"content":{"rendered":"<p><img loading=\"lazy\" decoding=\"async\" class=\"size-full wp-image-2018 aligncenter\" src=\"https:\/\/acmne.ch\/site\/wp-content\/uploads\/2020\/05\/Capture_Fr.jpg\" alt=\"\" width=\"630\" height=\"729\" srcset=\"https:\/\/acmne.ch\/site\/wp-content\/uploads\/2020\/05\/Capture_Fr.jpg 630w, https:\/\/acmne.ch\/site\/wp-content\/uploads\/2020\/05\/Capture_Fr-259x300.jpg 259w\" sizes=\"auto, (max-width: 630px) 100vw, 630px\" \/><\/p>\n<p><img loading=\"lazy\" decoding=\"async\" class=\"size-full wp-image-2017 aligncenter\" src=\"https:\/\/acmne.ch\/site\/wp-content\/uploads\/2020\/05\/Capture_AR.jpg\" alt=\"\" width=\"617\" height=\"814\" srcset=\"https:\/\/acmne.ch\/site\/wp-content\/uploads\/2020\/05\/Capture_AR.jpg 617w, https:\/\/acmne.ch\/site\/wp-content\/uploads\/2020\/05\/Capture_AR-227x300.jpg 227w\" sizes=\"auto, (max-width: 617px) 100vw, 617px\" \/><\/p>\n<p style=\"text-align: center;\">Communiqu\u00e9 concernant le r\u00e9ouverture de notre Masjeed pour les pri\u00e8res quotidiennes (<a href=\"https:\/\/acmne.ch\/site\/wp-content\/uploads\/2020\/05\/Communication_20-05_004_Ouverture_Mosque\u0301e_Covid.pdf\" target=\"_blank\" rel=\"noopener noreferrer\">Communiqu\u00e9 ouverture Masjeed<\/a>)<\/p>\n<p><img loading=\"lazy\" decoding=\"async\" class=\"size-full wp-image-2011 aligncenter\" src=\"https:\/\/acmne.ch\/site\/wp-content\/uploads\/2020\/05\/PlanProtection.jpg\" alt=\"\" width=\"630\" height=\"883\" srcset=\"https:\/\/acmne.ch\/site\/wp-content\/uploads\/2020\/05\/PlanProtection.jpg 630w, https:\/\/acmne.ch\/site\/wp-content\/uploads\/2020\/05\/PlanProtection-214x300.jpg 214w\" sizes=\"auto, (max-width: 630px) 100vw, 630px\" \/><\/p>\n","protected":false},"excerpt":{"rendered":"<p>Communiqu\u00e9 concernant le r\u00e9ouverture de notre Masjeed pour les pri\u00e8res quotidiennes (Communiqu\u00e9 ouverture Masjeed)<\/p>\n","protected":false},"author":3,"featured_media":0,"comment_status":"closed","ping_status":"closed","sticky":false,"template":"","format":"standard","meta":{"footnotes":""},"categories":[5],"tags":[],"class_list":["post-2010","post","type-post","status-publish","format-standard","hentry","category-communiques"],"_links":{"self":[{"href":"https:\/\/acmne.ch\/site\/wp-json\/wp\/v2\/posts\/2010","targetHints":{"allow":["GET"]}}],"collection":[{"href":"https:\/\/acmne.ch\/site\/wp-json\/wp\/v2\/posts"}],"about":[{"href":"https:\/\/acmne.ch\/site\/wp-json\/wp\/v2\/types\/post"}],"author":[{"embeddable":true,"href":"https:\/\/acmne.ch\/site\/wp-json\/wp\/v2\/users\/3"}],"replies":[{"embeddable":true,"href":"https:\/\/acmne.ch\/site\/wp-json\/wp\/v2\/comments?post=2010"}],"version-history":[{"count":3,"href":"https:\/\/acmne.ch\/site\/wp-json\/wp\/v2\/posts\/2010\/revisions"}],"predecessor-version":[{"id":2019,"href":"https:\/\/acmne.ch\/site\/wp-json\/wp\/v2\/posts\/2010\/revisions\/2019"}],"wp:attachment":[{"href":"https:\/\/acmne.ch\/site\/wp-json\/wp\/v2\/media?parent=2010"}],"wp:term":[{"taxonomy":"category","embeddable":true,"href":"https:\/\/acmne.ch\/site\/wp-json\/wp\/v2\/categories?post=2010"},{"taxonomy":"post_tag","embeddable":true,"href":"https:\/\/acmne.ch\/site\/wp-json\/wp\/v2\/tags?post=2010"}],"curies":[{"name":"wp","href":"https:\/\/api.w.org\/{rel}","templated":true}]}}