{"id":1868,"date":"2020-02-05T22:27:07","date_gmt":"2020-02-05T21:27:07","guid":{"rendered":"http:\/\/acmne.ch\/site\/?p=1868"},"modified":"2020-02-05T22:27:07","modified_gmt":"2020-02-05T21:27:07","slug":"a-loccasion-de-la-journee-mondiale-de-la-langue-arabe-lecole-ennour-organise-une-journee-de-la-langue-arabe-le-14-decembre-2019","status":"publish","type":"post","link":"https:\/\/acmne.ch\/site\/2020\/02\/05\/a-loccasion-de-la-journee-mondiale-de-la-langue-arabe-lecole-ennour-organise-une-journee-de-la-langue-arabe-le-14-decembre-2019\/","title":{"rendered":"\u00c0 l\u2019occasion de la journ\u00e9e mondiale de la langue Arabe, l\u2019\u00e9cole Ennour organise une journ\u00e9e de la langue arabe le 14 d\u00e9cembre 2019"},"content":{"rendered":"<h3><img loading=\"lazy\" decoding=\"async\" class=\"wp-image-1806 aligncenter\" src=\"https:\/\/acmne.ch\/site\/wp-content\/uploads\/2019\/12\/Journ\u00e9e2019.gif\" alt=\"\" width=\"1049\" height=\"590\" \/><\/h3>\n","protected":false},"excerpt":{"rendered":"","protected":false},"author":3,"featured_media":0,"comment_status":"closed","ping_status":"closed","sticky":false,"template":"","format":"standard","meta":{"footnotes":""},"categories":[4],"tags":[],"class_list":["post-1868","post","type-post","status-publish","format-standard","hentry","category-archive"],"_links":{"self":[{"href":"https:\/\/acmne.ch\/site\/wp-json\/wp\/v2\/posts\/1868","targetHints":{"allow":["GET"]}}],"collection":[{"href":"https:\/\/acmne.ch\/site\/wp-json\/wp\/v2\/posts"}],"about":[{"href":"https:\/\/acmne.ch\/site\/wp-json\/wp\/v2\/types\/post"}],"author":[{"embeddable":true,"href":"https:\/\/acmne.ch\/site\/wp-json\/wp\/v2\/users\/3"}],"replies":[{"embeddable":true,"href":"https:\/\/acmne.ch\/site\/wp-json\/wp\/v2\/comments?post=1868"}],"version-history":[{"count":1,"href":"https:\/\/acmne.ch\/site\/wp-json\/wp\/v2\/posts\/1868\/revisions"}],"predecessor-version":[{"id":1869,"href":"https:\/\/acmne.ch\/site\/wp-json\/wp\/v2\/posts\/1868\/revisions\/1869"}],"wp:attachment":[{"href":"https:\/\/acmne.ch\/site\/wp-json\/wp\/v2\/media?parent=1868"}],"wp:term":[{"taxonomy":"category","embeddable":true,"href":"https:\/\/acmne.ch\/site\/wp-json\/wp\/v2\/categories?post=1868"},{"taxonomy":"post_tag","embeddable":true,"href":"https:\/\/acmne.ch\/site\/wp-json\/wp\/v2\/tags?post=1868"}],"curies":[{"name":"wp","href":"https:\/\/api.w.org\/{rel}","templated":true}]}}